{"id":225309,"date":"2022-06-07T18:44:01","date_gmt":"2022-06-07T18:44:01","guid":{"rendered":"https:\/\/aiconyachts.com\/?p=225309"},"modified":"2025-02-06T21:00:16","modified_gmt":"2025-02-06T21:00:16","slug":"milano-finanza","status":"publish","type":"post","link":"https:\/\/aiconyachts.com\/es\/milano-finanza\/","title":{"rendered":"Milano Finanza"},"content":{"rendered":"<p>[et_pb_section fb_built=&#8221;1&#8243; _builder_version=&#8221;4.16&#8243; _module_preset=&#8221;default&#8221; global_colors_info=&#8221;{}&#8221; theme_builder_area=&#8221;post_content&#8221;][et_pb_row _builder_version=&#8221;4.16&#8243; _module_preset=&#8221;default&#8221; global_colors_info=&#8221;{}&#8221; theme_builder_area=&#8221;post_content&#8221;][et_pb_column type=&#8221;4_4&#8243; _builder_version=&#8221;4.16&#8243; _module_preset=&#8221;default&#8221; global_colors_info=&#8221;{}&#8221; theme_builder_area=&#8221;post_content&#8221;][et_pb_text _builder_version=&#8221;4.24.0&#8243; _module_preset=&#8221;default&#8221; header_2_font=&#8221;|600|||||||&#8221; hover_enabled=&#8221;0&#8243; global_colors_info=&#8221;{}&#8221; theme_builder_area=&#8221;post_content&#8221; sticky_enabled=&#8221;0&#8243;]<\/p>\n<h2><strong>Aicon Yachts was featured in a Milano Finanza article,<\/strong><\/h2>\n<h4><strong><em>link below:<\/em><\/strong><\/h4>\n<p>[\/et_pb_text][et_pb_text _builder_version=&#8221;4.17.4&#8243; _module_preset=&#8221;default&#8221; global_colors_info=&#8221;{}&#8221; theme_builder_area=&#8221;post_content&#8221;]<\/p>\n<p>The colors of Sicily are once again flying above the shipyard representing the new Aicon Yachts in Giammoro.<\/p>\n<p>Now that the legal and economic problems of the old management have been archived, the new CEO Marc Udo Broich (American of German origin) has been working in silence for the past three years to restart the construction site and spread the philosophy that it represents: to create a product on the basis of customer&#8217;s desires.<\/p>\n<p>Yesterday the first new boat, the Aicon 66 \u201cVivere\u201d, commissioned by an American of Palermo origins, was presented to guests from the United States, Canada and Brazil.<\/p>\n<p>As anticipated during the first meeting with the press last October, the materials used for the construction of the boat are only<br \/>Sicilian and recall the colors of the island.<\/p>\n<blockquote>\n<p>\u201cStrong contrasts full of energy\u201d, explains Aicon, \u201cnatural materials transformed into innovative products, lava stone, enamels, milled woods\u201d. \u201cMore than 89 people work on the shipyard\u201d, Broich says, \u201cthe construction of the boat started in December 2020 and was carried out in the midst of the pandemic, with all the associated difficulties. Despite this, we have tried to carry on the Aicon philosophy, to build the product according to the wishes of our customers, not offering something ready but building it &#8220;bespoke&#8221;. We used the highest quality materials, exclusively from the territory. Especially, the main deck is characterized by the particular refinement and care in the choice of the selected materials: the eucalyptus wood skillfully worked by our craftsmen to create the furniture, the precious Billiemi marbles, characteristic for the veins tending to yellow. From Etna we took the lava stone, treated at different temperatures that alter its color, obtaining particular effects.&#8221;<\/p>\n<\/blockquote>\n<p>And then the exteriors:<\/p>\n<blockquote>\n<p>&#8220;Even the smallest detail is conceived with extreme precision&#8221;, adds Broich, &#8220;the strong point of the distinctive and elegant trait of the Aicon 66 Vivere is the absence of scuppers (water drain pipe, outside edge or bilge, ed) on sight. We paid great attention to details, also expressing it with the use of carbon fiber in the construction of furniture and components&#8221;.<\/p>\n<\/blockquote>\n<p>For Broich, the Aicon 66 \u201cVivere\u201d is the result of the union<\/p>\n<blockquote>\n<p>\u201cBetween talent and resources made in the USA and the magical island of Sicily, which combines living the sea in safety with a visionary idea of \u200b\u200bquality excellence. Our first goal is to fulfill the wishes of our customers with a very specific purpose: to experience the sea without limits, immersed in luxury and comfort. We have used cutting-edge technology and our artisans are specialized in creating a unique product.&#8221;<\/p>\n<\/blockquote>\n<p>The shipyard is already working on other models (Aicon 72 &#8220;Opera d&#8217;Aria&#8221;, Aicon 76 and Aicon 86) and even though there are no too specific details at this time, Broich admits that for the Giammoro site,<\/p>\n<blockquote>\n<p>&#8220;There are further growth prospects . For us, 2021 was an intense year and we have reopened a business that all of Sicily can be proud of. Aicon has experienced difficult times from the previous management, but the brand is known all over the world, especially in the USA, and now we aim to place it among the highest levels of luxury brands.&#8221;<\/p>\n<\/blockquote>\n<p>Finally, one of the most important details: all the company&#8217;s activity was entirely financed by Aicon Group, without any help from Italian politics or credit institutions. (All rights reserved)<\/p>\n<p>[\/et_pb_text][et_pb_button button_url=&#8221;https:\/\/aiconyachts.com\/wp-content\/uploads\/2022\/06\/Aicon-Palazzi-and-Denaro.png&#8221; url_new_window=&#8221;on&#8221; button_text=&#8221;Link To Original Article&#8221; button_alignment=&#8221;center&#8221; button_text_tablet=&#8221;Link To Original Article&#8221; button_text_phone=&#8221;Original Article&#8221; button_text_last_edited=&#8221;on|desktop&#8221; module_class=&#8221;dl-lines-corners&#8221; _builder_version=&#8221;4.24.0&#8243; _module_preset=&#8221;default&#8221; custom_button=&#8221;on&#8221; button_text_size=&#8221;14px&#8221; button_text_color=&#8221;#191C36&#8243; button_bg_color=&#8221;RGBA(0,0,0,0)&#8221; button_border_width=&#8221;1px&#8221; button_border_color=&#8221;#191C36&#8243; button_border_radius=&#8221;2px&#8221; button_letter_spacing=&#8221;3px&#8221; button_font=&#8221;Copperplate Bold|||on|||||&#8221; button_icon_color=&#8221;#FFFFFF&#8221; button_on_hover=&#8221;off&#8221; custom_margin=&#8221;40px||||false|false&#8221; custom_padding=&#8221;12px|36px|12px|36px|true|true&#8221; hover_enabled=&#8221;0&#8243; global_colors_info=&#8221;{}&#8221; button_bg_color__hover_enabled=&#8221;on|desktop&#8221; button_bg_color__hover=&#8221;RGBA(255,255,255,0)&#8221; button_bg_enable_color__hover=&#8221;on&#8221; button_border_radius__hover=&#8221;2px&#8221; button_border_radius__hover_enabled=&#8221;on|hover&#8221; button_text_color__hover_enabled=&#8221;on|hover&#8221; button_text_color__hover=&#8221;#7BC5B3&#8243; button_border_color__hover_enabled=&#8221;on|hover&#8221; button_border_color__hover=&#8221;#7BC5B3&#8243; theme_builder_area=&#8221;post_content&#8221; sticky_enabled=&#8221;0&#8243;][\/et_pb_button][\/et_pb_column][\/et_pb_row][\/et_pb_section]<\/p>\n","protected":false},"excerpt":{"rendered":"<p>El CEO de Aicon Yachts, Marc Udo Broich, fue entrevistado recientemente por Milano Finanza con respecto a la llegada del Aicon 66\u2032 'Vivere' \u2013 Leer m\u00e1s!<\/p>","protected":false},"author":4,"featured_media":225316,"comment_status":"open","ping_status":"open","sticky":false,"template":"","format":"standard","meta":{"_et_pb_use_builder":"on","_et_pb_old_content":"","_et_gb_content_width":"","_monsterinsights_skip_tracking":false,"_monsterinsights_sitenote_active":false,"_monsterinsights_sitenote_note":"","_monsterinsights_sitenote_category":0,"_jetpack_memberships_contains_paid_content":false,"footnotes":""},"categories":[1],"tags":[],"class_list":["post-225309","post","type-post","status-publish","format-standard","has-post-thumbnail","hentry","category-press-releases"],"yoast_head":"<!-- This site is optimized with the Yoast SEO plugin v27.4 - https:\/\/yoast.com\/product\/yoast-seo-wordpress\/ -->\n<title>Milano Finanza - Aicon Yachts<\/title>\n<meta name=\"description\" content=\"Aicon Yachts CEO, Marc Udo Broich, Was Recently Interviewed By Milano Finanza Regarding The Arrival Of The Aicon 66&#039; &#039;Vivere&#039; - Read More!\" \/>\n<meta name=\"robots\" content=\"index, follow, max-snippet:-1, max-image-preview:large, max-video-preview:-1\" \/>\n<link rel=\"canonical\" href=\"https:\/\/aiconyachts.com\/es\/milano-finanza\/\" \/>\n<meta property=\"og:locale\" content=\"es_ES\" \/>\n<meta property=\"og:type\" content=\"article\" \/>\n<meta property=\"og:title\" content=\"Milano Finanza - Aicon Yachts\" \/>\n<meta property=\"og:description\" content=\"Aicon Yachts CEO, Marc Udo Broich, Was Recently Interviewed By Milano Finanza Regarding The Arrival Of The Aicon 66&#039; &#039;Vivere&#039; - Read More!\" \/>\n<meta property=\"og:url\" content=\"https:\/\/aiconyachts.com\/es\/milano-finanza\/\" \/>\n<meta property=\"og:site_name\" content=\"Aicon Yachts\" \/>\n<meta property=\"article:publisher\" content=\"https:\/\/www.facebook.com\/aiconyachts\" \/>\n<meta property=\"article:published_time\" content=\"2022-06-07T18:44:01+00:00\" \/>\n<meta property=\"article:modified_time\" content=\"2025-02-06T21:00:16+00:00\" \/>\n<meta property=\"og:image\" content=\"https:\/\/aiconyachts.com\/wp-content\/uploads\/2022\/06\/66-Aicon-FB-FT.png\" \/>\n\t<meta property=\"og:image:width\" content=\"1200\" \/>\n\t<meta property=\"og:image:height\" content=\"628\" \/>\n\t<meta property=\"og:image:type\" content=\"image\/png\" \/>\n<meta name=\"author\" content=\"Media Team\" \/>\n<meta name=\"twitter:card\" content=\"summary_large_image\" \/>\n<meta name=\"twitter:title\" content=\"Milano Finanza - Aicon Yachts\" \/>\n<meta name=\"twitter:description\" content=\"Aicon Yachts CEO, Marc Udo Broich, Was Recently Interviewed By Milano Finanza Regarding The Arrival Of The Aicon 66&#039; &#039;Vivere&#039; - Read More!\" \/>\n<meta name=\"twitter:image\" content=\"https:\/\/i0.wp.com\/aiconyachts.com\/wp-content\/uploads\/2022\/06\/66-Aicon-Twitter.png?fit=1024%2C512&ssl=1\" \/>\n<meta name=\"twitter:label1\" content=\"Escrito por\" \/>\n\t<meta name=\"twitter:data1\" content=\"Media Team\" \/>\n\t<meta name=\"twitter:label2\" content=\"Tiempo de lectura\" \/>\n\t<meta name=\"twitter:data2\" content=\"3 minutos\" \/>\n<script type=\"application\/ld+json\" class=\"yoast-schema-graph\">{\"@context\":\"https:\\\/\\\/schema.org\",\"@graph\":[{\"@type\":\"Article\",\"@id\":\"https:\\\/\\\/aiconyachts.com\\\/milano-finanza\\\/#article\",\"isPartOf\":{\"@id\":\"https:\\\/\\\/aiconyachts.com\\\/milano-finanza\\\/\"},\"author\":{\"name\":\"Media Team\",\"@id\":\"https:\\\/\\\/aiconyachts.com\\\/#\\\/schema\\\/person\\\/6c6443701451e5453ad91cae4b2b420c\"},\"headline\":\"Milano Finanza\",\"datePublished\":\"2022-06-07T18:44:01+00:00\",\"dateModified\":\"2025-02-06T21:00:16+00:00\",\"mainEntityOfPage\":{\"@id\":\"https:\\\/\\\/aiconyachts.com\\\/milano-finanza\\\/\"},\"wordCount\":847,\"commentCount\":0,\"publisher\":{\"@id\":\"https:\\\/\\\/aiconyachts.com\\\/#organization\"},\"image\":{\"@id\":\"https:\\\/\\\/aiconyachts.com\\\/milano-finanza\\\/#primaryimage\"},\"thumbnailUrl\":\"https:\\\/\\\/i0.wp.com\\\/aiconyachts.com\\\/wp-content\\\/uploads\\\/2022\\\/06\\\/66-Aicon-FB-FT.png?fit=1200%2C628&ssl=1\",\"articleSection\":[\"Press Releases\"],\"inLanguage\":\"es\",\"potentialAction\":[{\"@type\":\"CommentAction\",\"name\":\"Comment\",\"target\":[\"https:\\\/\\\/aiconyachts.com\\\/milano-finanza\\\/#respond\"]}]},{\"@type\":\"WebPage\",\"@id\":\"https:\\\/\\\/aiconyachts.com\\\/milano-finanza\\\/\",\"url\":\"https:\\\/\\\/aiconyachts.com\\\/milano-finanza\\\/\",\"name\":\"Milano Finanza - Aicon Yachts\",\"isPartOf\":{\"@id\":\"https:\\\/\\\/aiconyachts.com\\\/#website\"},\"primaryImageOfPage\":{\"@id\":\"https:\\\/\\\/aiconyachts.com\\\/milano-finanza\\\/#primaryimage\"},\"image\":{\"@id\":\"https:\\\/\\\/aiconyachts.com\\\/milano-finanza\\\/#primaryimage\"},\"thumbnailUrl\":\"https:\\\/\\\/i0.wp.com\\\/aiconyachts.com\\\/wp-content\\\/uploads\\\/2022\\\/06\\\/66-Aicon-FB-FT.png?fit=1200%2C628&ssl=1\",\"datePublished\":\"2022-06-07T18:44:01+00:00\",\"dateModified\":\"2025-02-06T21:00:16+00:00\",\"description\":\"Aicon Yachts CEO, Marc Udo Broich, Was Recently Interviewed By Milano Finanza Regarding The Arrival Of The Aicon 66' 'Vivere' - Read More!\",\"breadcrumb\":{\"@id\":\"https:\\\/\\\/aiconyachts.com\\\/milano-finanza\\\/#breadcrumb\"},\"inLanguage\":\"es\",\"potentialAction\":[{\"@type\":\"ReadAction\",\"target\":[\"https:\\\/\\\/aiconyachts.com\\\/milano-finanza\\\/\"]}]},{\"@type\":\"ImageObject\",\"inLanguage\":\"es\",\"@id\":\"https:\\\/\\\/aiconyachts.com\\\/milano-finanza\\\/#primaryimage\",\"url\":\"https:\\\/\\\/i0.wp.com\\\/aiconyachts.com\\\/wp-content\\\/uploads\\\/2022\\\/06\\\/66-Aicon-FB-FT.png?fit=1200%2C628&ssl=1\",\"contentUrl\":\"https:\\\/\\\/i0.wp.com\\\/aiconyachts.com\\\/wp-content\\\/uploads\\\/2022\\\/06\\\/66-Aicon-FB-FT.png?fit=1200%2C628&ssl=1\",\"width\":1200,\"height\":628},{\"@type\":\"BreadcrumbList\",\"@id\":\"https:\\\/\\\/aiconyachts.com\\\/milano-finanza\\\/#breadcrumb\",\"itemListElement\":[{\"@type\":\"ListItem\",\"position\":1,\"name\":\"Home\",\"item\":\"https:\\\/\\\/aiconyachts.com\\\/\"},{\"@type\":\"ListItem\",\"position\":2,\"name\":\"Milano Finanza\"}]},{\"@type\":\"WebSite\",\"@id\":\"https:\\\/\\\/aiconyachts.com\\\/#website\",\"url\":\"https:\\\/\\\/aiconyachts.com\\\/\",\"name\":\"Aicon Yachts\",\"description\":\"Customize Your Dream\",\"publisher\":{\"@id\":\"https:\\\/\\\/aiconyachts.com\\\/#organization\"},\"potentialAction\":[{\"@type\":\"SearchAction\",\"target\":{\"@type\":\"EntryPoint\",\"urlTemplate\":\"https:\\\/\\\/aiconyachts.com\\\/?s={search_term_string}\"},\"query-input\":{\"@type\":\"PropertyValueSpecification\",\"valueRequired\":true,\"valueName\":\"search_term_string\"}}],\"inLanguage\":\"es\"},{\"@type\":\"Organization\",\"@id\":\"https:\\\/\\\/aiconyachts.com\\\/#organization\",\"name\":\"AICON Yachts\",\"url\":\"https:\\\/\\\/aiconyachts.com\\\/\",\"logo\":{\"@type\":\"ImageObject\",\"inLanguage\":\"es\",\"@id\":\"https:\\\/\\\/aiconyachts.com\\\/#\\\/schema\\\/logo\\\/image\\\/\",\"url\":\"https:\\\/\\\/i2.wp.com\\\/aiconyachts.com\\\/wp-content\\\/uploads\\\/2021\\\/04\\\/Aicon-Yachts-Logo.png?fit=1231%2C498&ssl=1\",\"contentUrl\":\"https:\\\/\\\/i2.wp.com\\\/aiconyachts.com\\\/wp-content\\\/uploads\\\/2021\\\/04\\\/Aicon-Yachts-Logo.png?fit=1231%2C498&ssl=1\",\"width\":1231,\"height\":498,\"caption\":\"AICON Yachts\"},\"image\":{\"@id\":\"https:\\\/\\\/aiconyachts.com\\\/#\\\/schema\\\/logo\\\/image\\\/\"},\"sameAs\":[\"https:\\\/\\\/www.facebook.com\\\/aiconyachts\",\"https:\\\/\\\/www.instagram.com\\\/aiconyachts\\\/\"]},{\"@type\":\"Person\",\"@id\":\"https:\\\/\\\/aiconyachts.com\\\/#\\\/schema\\\/person\\\/6c6443701451e5453ad91cae4b2b420c\",\"name\":\"Media Team\",\"image\":{\"@type\":\"ImageObject\",\"inLanguage\":\"es\",\"@id\":\"https:\\\/\\\/i0.wp.com\\\/aiconyachts.com\\\/wp-content\\\/uploads\\\/2021\\\/10\\\/Media-Personell.jpg?fit=96%2C96&ssl=1\",\"url\":\"https:\\\/\\\/i0.wp.com\\\/aiconyachts.com\\\/wp-content\\\/uploads\\\/2021\\\/10\\\/Media-Personell.jpg?fit=96%2C96&ssl=1\",\"contentUrl\":\"https:\\\/\\\/i0.wp.com\\\/aiconyachts.com\\\/wp-content\\\/uploads\\\/2021\\\/10\\\/Media-Personell.jpg?fit=96%2C96&ssl=1\",\"caption\":\"Media Team\"},\"description\":\"This post was written from outside media personnel from a press release across the web. The link to the original article will be placed at the bottom of this post. Enjoy!\",\"url\":\"https:\\\/\\\/aiconyachts.com\\\/es\\\/author\\\/media\\\/\"}]}<\/script>\n<!-- \/ Yoast SEO plugin. -->","yoast_head_json":{"title":"Milano Finanza - Aicon Yachts","description":"Aicon Yachts CEO, Marc Udo Broich, Was Recently Interviewed By Milano Finanza Regarding The Arrival Of The Aicon 66' 'Vivere' - Read More!","robots":{"index":"index","follow":"follow","max-snippet":"max-snippet:-1","max-image-preview":"max-image-preview:large","max-video-preview":"max-video-preview:-1"},"canonical":"https:\/\/aiconyachts.com\/es\/milano-finanza\/","og_locale":"es_ES","og_type":"article","og_title":"Milano Finanza - Aicon Yachts","og_description":"Aicon Yachts CEO, Marc Udo Broich, Was Recently Interviewed By Milano Finanza Regarding The Arrival Of The Aicon 66' 'Vivere' - Read More!","og_url":"https:\/\/aiconyachts.com\/es\/milano-finanza\/","og_site_name":"Aicon Yachts","article_publisher":"https:\/\/www.facebook.com\/aiconyachts","article_published_time":"2022-06-07T18:44:01+00:00","article_modified_time":"2025-02-06T21:00:16+00:00","og_image":[{"width":1200,"height":628,"url":"https:\/\/aiconyachts.com\/wp-content\/uploads\/2022\/06\/66-Aicon-FB-FT.png","type":"image\/png"}],"author":"Media Team","twitter_card":"summary_large_image","twitter_title":"Milano Finanza - Aicon Yachts","twitter_description":"Aicon Yachts CEO, Marc Udo Broich, Was Recently Interviewed By Milano Finanza Regarding The Arrival Of The Aicon 66' 'Vivere' - Read More!","twitter_image":"https:\/\/i0.wp.com\/aiconyachts.com\/wp-content\/uploads\/2022\/06\/66-Aicon-Twitter.png?fit=1024%2C512&ssl=1","twitter_misc":{"Escrito por":"Media Team","Tiempo de lectura":"3 minutos"},"schema":{"@context":"https:\/\/schema.org","@graph":[{"@type":"Article","@id":"https:\/\/aiconyachts.com\/milano-finanza\/#article","isPartOf":{"@id":"https:\/\/aiconyachts.com\/milano-finanza\/"},"author":{"name":"Media Team","@id":"https:\/\/aiconyachts.com\/#\/schema\/person\/6c6443701451e5453ad91cae4b2b420c"},"headline":"Milano Finanza","datePublished":"2022-06-07T18:44:01+00:00","dateModified":"2025-02-06T21:00:16+00:00","mainEntityOfPage":{"@id":"https:\/\/aiconyachts.com\/milano-finanza\/"},"wordCount":847,"commentCount":0,"publisher":{"@id":"https:\/\/aiconyachts.com\/#organization"},"image":{"@id":"https:\/\/aiconyachts.com\/milano-finanza\/#primaryimage"},"thumbnailUrl":"https:\/\/i0.wp.com\/aiconyachts.com\/wp-content\/uploads\/2022\/06\/66-Aicon-FB-FT.png?fit=1200%2C628&ssl=1","articleSection":["Press Releases"],"inLanguage":"es","potentialAction":[{"@type":"CommentAction","name":"Comment","target":["https:\/\/aiconyachts.com\/milano-finanza\/#respond"]}]},{"@type":"WebPage","@id":"https:\/\/aiconyachts.com\/milano-finanza\/","url":"https:\/\/aiconyachts.com\/milano-finanza\/","name":"Milano Finanza - Aicon Yachts","isPartOf":{"@id":"https:\/\/aiconyachts.com\/#website"},"primaryImageOfPage":{"@id":"https:\/\/aiconyachts.com\/milano-finanza\/#primaryimage"},"image":{"@id":"https:\/\/aiconyachts.com\/milano-finanza\/#primaryimage"},"thumbnailUrl":"https:\/\/i0.wp.com\/aiconyachts.com\/wp-content\/uploads\/2022\/06\/66-Aicon-FB-FT.png?fit=1200%2C628&ssl=1","datePublished":"2022-06-07T18:44:01+00:00","dateModified":"2025-02-06T21:00:16+00:00","description":"Aicon Yachts CEO, Marc Udo Broich, Was Recently Interviewed By Milano Finanza Regarding The Arrival Of The Aicon 66' 'Vivere' - Read More!","breadcrumb":{"@id":"https:\/\/aiconyachts.com\/milano-finanza\/#breadcrumb"},"inLanguage":"es","potentialAction":[{"@type":"ReadAction","target":["https:\/\/aiconyachts.com\/milano-finanza\/"]}]},{"@type":"ImageObject","inLanguage":"es","@id":"https:\/\/aiconyachts.com\/milano-finanza\/#primaryimage","url":"https:\/\/i0.wp.com\/aiconyachts.com\/wp-content\/uploads\/2022\/06\/66-Aicon-FB-FT.png?fit=1200%2C628&ssl=1","contentUrl":"https:\/\/i0.wp.com\/aiconyachts.com\/wp-content\/uploads\/2022\/06\/66-Aicon-FB-FT.png?fit=1200%2C628&ssl=1","width":1200,"height":628},{"@type":"BreadcrumbList","@id":"https:\/\/aiconyachts.com\/milano-finanza\/#breadcrumb","itemListElement":[{"@type":"ListItem","position":1,"name":"Home","item":"https:\/\/aiconyachts.com\/"},{"@type":"ListItem","position":2,"name":"Milano Finanza"}]},{"@type":"WebSite","@id":"https:\/\/aiconyachts.com\/#website","url":"https:\/\/aiconyachts.com\/","name":"Aicon Yachts","description":"Customize Your Dream","publisher":{"@id":"https:\/\/aiconyachts.com\/#organization"},"potentialAction":[{"@type":"SearchAction","target":{"@type":"EntryPoint","urlTemplate":"https:\/\/aiconyachts.com\/?s={search_term_string}"},"query-input":{"@type":"PropertyValueSpecification","valueRequired":true,"valueName":"search_term_string"}}],"inLanguage":"es"},{"@type":"Organization","@id":"https:\/\/aiconyachts.com\/#organization","name":"AICON Yachts","url":"https:\/\/aiconyachts.com\/","logo":{"@type":"ImageObject","inLanguage":"es","@id":"https:\/\/aiconyachts.com\/#\/schema\/logo\/image\/","url":"https:\/\/i2.wp.com\/aiconyachts.com\/wp-content\/uploads\/2021\/04\/Aicon-Yachts-Logo.png?fit=1231%2C498&ssl=1","contentUrl":"https:\/\/i2.wp.com\/aiconyachts.com\/wp-content\/uploads\/2021\/04\/Aicon-Yachts-Logo.png?fit=1231%2C498&ssl=1","width":1231,"height":498,"caption":"AICON Yachts"},"image":{"@id":"https:\/\/aiconyachts.com\/#\/schema\/logo\/image\/"},"sameAs":["https:\/\/www.facebook.com\/aiconyachts","https:\/\/www.instagram.com\/aiconyachts\/"]},{"@type":"Person","@id":"https:\/\/aiconyachts.com\/#\/schema\/person\/6c6443701451e5453ad91cae4b2b420c","name":"Media Team","image":{"@type":"ImageObject","inLanguage":"es","@id":"https:\/\/i0.wp.com\/aiconyachts.com\/wp-content\/uploads\/2021\/10\/Media-Personell.jpg?fit=96%2C96&ssl=1","url":"https:\/\/i0.wp.com\/aiconyachts.com\/wp-content\/uploads\/2021\/10\/Media-Personell.jpg?fit=96%2C96&ssl=1","contentUrl":"https:\/\/i0.wp.com\/aiconyachts.com\/wp-content\/uploads\/2021\/10\/Media-Personell.jpg?fit=96%2C96&ssl=1","caption":"Media Team"},"description":"Esta publicaci\u00f3n fue escrita por personal de medios externos a partir de un comunicado de prensa en toda la web. El enlace al art\u00edculo original se colocar\u00e1 en la parte inferior de esta publicaci\u00f3n. \u00a1Disfruta!","url":"https:\/\/aiconyachts.com\/es\/author\/media\/"}]}},"jetpack_featured_media_url":"https:\/\/i0.wp.com\/aiconyachts.com\/wp-content\/uploads\/2022\/06\/66-Aicon-FB-FT.png?fit=1200%2C628&ssl=1","jetpack_sharing_enabled":true,"_links":{"self":[{"href":"https:\/\/aiconyachts.com\/es\/wp-json\/wp\/v2\/posts\/225309","targetHints":{"allow":["GET"]}}],"collection":[{"href":"https:\/\/aiconyachts.com\/es\/wp-json\/wp\/v2\/posts"}],"about":[{"href":"https:\/\/aiconyachts.com\/es\/wp-json\/wp\/v2\/types\/post"}],"author":[{"embeddable":true,"href":"https:\/\/aiconyachts.com\/es\/wp-json\/wp\/v2\/users\/4"}],"replies":[{"embeddable":true,"href":"https:\/\/aiconyachts.com\/es\/wp-json\/wp\/v2\/comments?post=225309"}],"version-history":[{"count":5,"href":"https:\/\/aiconyachts.com\/es\/wp-json\/wp\/v2\/posts\/225309\/revisions"}],"predecessor-version":[{"id":376911,"href":"https:\/\/aiconyachts.com\/es\/wp-json\/wp\/v2\/posts\/225309\/revisions\/376911"}],"wp:featuredmedia":[{"embeddable":true,"href":"https:\/\/aiconyachts.com\/es\/wp-json\/wp\/v2\/media\/225316"}],"wp:attachment":[{"href":"https:\/\/aiconyachts.com\/es\/wp-json\/wp\/v2\/media?parent=225309"}],"wp:term":[{"taxonomy":"category","embeddable":true,"href":"https:\/\/aiconyachts.com\/es\/wp-json\/wp\/v2\/categories?post=225309"},{"taxonomy":"post_tag","embeddable":true,"href":"https:\/\/aiconyachts.com\/es\/wp-json\/wp\/v2\/tags?post=225309"}],"curies":[{"name":"wp","href":"https:\/\/api.w.org\/{rel}","templated":true}]}}