{"id":226424,"date":"2022-10-27T16:51:33","date_gmt":"2022-10-27T16:51:33","guid":{"rendered":"https:\/\/aiconyachts.com\/?p=226424"},"modified":"2025-02-06T20:59:26","modified_gmt":"2025-02-06T20:59:26","slug":"aicon-yachts-retraces-its-wonderful-2022","status":"publish","type":"post","link":"https:\/\/aiconyachts.com\/es\/aicon-yachts-retraces-its-wonderful-2022\/","title":{"rendered":"Aicon Yachts Retraces Its Wonderful 2022"},"content":{"rendered":"<p>[et_pb_section fb_built=&#8221;1&#8243; _builder_version=&#8221;4.16&#8243; _module_preset=&#8221;default&#8221; custom_padding=&#8221;80px|||||&#8221; global_colors_info=&#8221;{}&#8221; theme_builder_area=&#8221;post_content&#8221;][et_pb_row _builder_version=&#8221;4.24.0&#8243; _module_preset=&#8221;default&#8221; global_colors_info=&#8221;{}&#8221; theme_builder_area=&#8221;post_content&#8221;][et_pb_column type=&#8221;4_4&#8243; _builder_version=&#8221;4.16&#8243; _module_preset=&#8221;default&#8221; global_colors_info=&#8221;{}&#8221; theme_builder_area=&#8221;post_content&#8221;][et_pb_text _builder_version=&#8221;4.18.0&#8243; _module_preset=&#8221;default&#8221; header_2_font=&#8221;|600|||||||&#8221; global_colors_info=&#8221;{}&#8221; theme_builder_area=&#8221;post_content&#8221;]<\/p>\n<h2><i>#vivereaicon<\/i><\/h2>\n<p>[\/et_pb_text][et_pb_text _builder_version=&#8221;4.18.0&#8243; _module_preset=&#8221;default&#8221; global_colors_info=&#8221;{}&#8221; theme_builder_area=&#8221;post_content&#8221;]<\/p>\n<p>The AICON YACHTS family toasted their successes together with suppliers, press, boating enthusiasts and friends at an event organized last Saturday 15 October at the Giammoro shipyard, Pace del Mela.<\/p>\n<p>An important moment of sharing to retrace the stages of this extraordinary 2022. During the press conference, CEO Marc-Udo Broich recounted all the steps, starting with the launch and presentation of the new Aicon 66 Vivere, last April, with an unforgettable event in Taormina and Messina; passing, therefore, for the delivery of the yacht to her owner, in the United States, happy to finally receive her exclusive personalized jewel.<\/p>\n<p>But it was also a year of recognition: among all, the very prestigious award in the Best Functionality \/ Layout category at the World Yachts Trophies organized by Yacht France magazine, obtained at the Cannes Boat Show on 10 September.<\/p>\n<p>Marc-Udo Broich also recalled the award he received at the Milazzo Italian Film Festival, given to him as an entrepreneur who was able to make a dream a reality of excellence in the area.<\/p>\n<p>[\/et_pb_text][et_pb_image src=&#8221;https:\/\/aiconyachts.com\/wp-content\/uploads\/2022\/10\/Aicon-1.webp&#8221; title_text=&#8221;Aicon-1&#8243; show_bottom_space=&#8221;off&#8221; align=&#8221;center&#8221; force_fullwidth=&#8221;on&#8221; _builder_version=&#8221;4.24.0&#8243; _module_preset=&#8221;default&#8221; custom_margin=&#8221;60px||||false|false&#8221; box_shadow_style=&#8221;preset1&#8243; global_colors_info=&#8221;{}&#8221; theme_builder_area=&#8221;post_content&#8221;][\/et_pb_image][et_pb_text _builder_version=&#8221;4.24.0&#8243; _module_preset=&#8221;default&#8221; text_font_size=&#8221;13px&#8221; width=&#8221;75%&#8221; max_width=&#8221;75%&#8221; module_alignment=&#8221;center&#8221; custom_margin=&#8221;6px||||false|false&#8221; global_colors_info=&#8221;{}&#8221; theme_builder_area=&#8221;post_content&#8221;]<\/p>\n<p style=\"text-align: center;\"><em>Marc-Udo Broich<\/em><\/p>\n<p>[\/et_pb_text][et_pb_text _builder_version=&#8221;4.24.0&#8243; _module_preset=&#8221;default&#8221; header_2_font=&#8221;|600|||||||&#8221; custom_margin=&#8221;40px||7px||false|false&#8221; global_colors_info=&#8221;{}&#8221; theme_builder_area=&#8221;post_content&#8221;]<\/p>\n<h3><span><strong><span class=\"goog-text-highlight\">MARC-UDO BROICH<\/span><span class=\"goog-text-highlight\">\u00a0<\/span><\/strong><\/span><\/h3>\n<p>[\/et_pb_text][et_pb_text content_tablet=&#8221;<\/p>\n<p><span>Then the participation in the Newport and Annapolis boat shows, in the United States, with positive feedback from professionals and enthusiasts who appreciated the lines and all the equipment of the new Aicon 66 Vivere, entirely made by Sicilian labor with the highest materials quality, rigorously selected. <\/span><\/p>\n<p><span><em>\u201cThis is the best secret of our success\u201d,<\/em> commented Marc-Udo Broich.<\/span><\/p>\n<p>&#8221; content_phone=&#8221;<\/p>\n<p><span>Then the participation in the Newport and Annapolis boat shows, in the United States, with positive feedback from professionals and enthusiasts who appreciated the lines and all the equipment of the new Aicon 66 Vivere, entirely made by Sicilian labor with the highest materials quality, rigorously selected. <\/span><\/p>\n<p><span><em>\u201cThis is the best secret of our success\u201d,<\/em> commented Marc-Udo Broich.<\/span><\/p>\n<p>&#8221; content_last_edited=&#8221;on|desktop&#8221; _builder_version=&#8221;4.18.0&#8243; _module_preset=&#8221;default&#8221; link_text_color=&#8221;#000000&#8243; global_colors_info=&#8221;{}&#8221; theme_builder_area=&#8221;post_content&#8221;]<\/p>\n<p><span>Then the participation in the Newport and Annapolis boat shows, in the United States, with positive feedback from professionals and enthusiasts who appreciated the lines and all the equipment of the new Aicon 66 Vivere, entirely made by Sicilian labor with the highest materials quality, rigorously selected.\u00a0<\/span><\/p>\n<p><span><em>\u201cThis is the best secret of our success\u201d,<\/em> commented Marc-Udo Broich.<\/span><\/p>\n<p>[\/et_pb_text][et_pb_image src=&#8221;https:\/\/aiconyachts.com\/wp-content\/uploads\/2022\/10\/Aicon-2.webp&#8221; title_text=&#8221;Aicon-2&#8243; align=&#8221;center&#8221; force_fullwidth=&#8221;on&#8221; _builder_version=&#8221;4.24.0&#8243; _module_preset=&#8221;default&#8221; custom_margin=&#8221;60px||40px||false|false&#8221; box_shadow_style=&#8221;preset1&#8243; global_colors_info=&#8221;{}&#8221; theme_builder_area=&#8221;post_content&#8221;][\/et_pb_image][et_pb_text content_tablet=&#8221;<\/p>\n<p>%22There are many difficulties that we had to overcome to embark on the path that today I share with the territory and of which today I rejoice together with our great Aicon Family &#8211; says the CEO of Aicon Yachts &#8211; and with friends who have always been by our side, people like the president of the AdSP of the Strait engineer Mario Mega and the senator Barbara Floridia.<\/p>\n<p>Two people who have supported us from day one. But now is the time to think about the future. We have committed and ambitious projects. We are working on the project of the new Aicon 76 Vivere model which, I am sure, will amaze you and will make you talk a lot about itself. Our future seems to be bright and we will not stop \u201d.<\/p>\n<p>&#8221; content_phone=&#8221;<\/p>\n<p>%22There are many difficulties that we had to overcome to embark on the path that today I share with the territory and of which today I rejoice together with our great Aicon Family &#8211; says the CEO of Aicon Yachts &#8211; and with friends who have always been by our side, people like the president of the AdSP of the Strait engineer Mario Mega and the senator Barbara Floridia.<\/p>\n<p>Two people who have supported us from day one. But now is the time to think about the future. We have committed and ambitious projects. We are working on the project of the new Aicon 76 Vivere model which, I am sure, will amaze you and will make you talk a lot about itself. Our future seems to be bright and we will not stop \u201d.<\/p>\n<p>&#8221; content_last_edited=&#8221;on|desktop&#8221; _builder_version=&#8221;4.18.0&#8243; _module_preset=&#8221;default&#8221; link_text_color=&#8221;#000000&#8243; global_colors_info=&#8221;{}&#8221; theme_builder_area=&#8221;post_content&#8221;]<\/p>\n<p>&#8220;There are many difficulties that we had to overcome to embark on the path that today I share with the territory and of which today I rejoice together with our great Aicon Family &#8211; says the CEO of Aicon Yachts &#8211; and with friends who have always been by our side, people like the president of the AdSP of the Strait engineer Mario Mega and the senator Barbara Floridia.<\/p>\n<p>Two people who have supported us from day one. But now is the time to think about the future. We have committed and ambitious projects. We are working on the project of the new Aicon 76 Vivere model which, I am sure, will amaze you and will make you talk a lot about itself. Our future seems to be bright and we will not stop \u201d.<\/p>\n<p>[\/et_pb_text][\/et_pb_column][\/et_pb_row][et_pb_row column_structure=&#8221;1_2,1_2&#8243; make_equal=&#8221;on&#8221; _builder_version=&#8221;4.27.0&#8243; _module_preset=&#8221;default&#8221; width_tablet=&#8221;&#8221; width_phone=&#8221;&#8221; width_last_edited=&#8221;on|desktop&#8221; hover_enabled=&#8221;0&#8243; global_colors_info=&#8221;{}&#8221; theme_builder_area=&#8221;post_content&#8221; sticky_enabled=&#8221;0&#8243;][et_pb_column type=&#8221;1_2&#8243; _builder_version=&#8221;4.27.0&#8243; _module_preset=&#8221;default&#8221; hover_enabled=&#8221;0&#8243; global_colors_info=&#8221;{}&#8221; theme_builder_area=&#8221;post_content&#8221; custom_css_main_element=&#8221;margin: auto;&#8221; sticky_enabled=&#8221;0&#8243;][et_pb_text content_tablet=&#8221;<\/p>\n<h6><strong><span style=%22text-decoration: underline;%22>Organization chart<\/span>: <\/strong><\/h6>\n<p><span><span style=%22text-decoration: underline;%22>President<\/span>: Marc-Udo Broich<\/span><br \/><span><span style=%22text-decoration: underline;%22>Production Manager<\/span>: Teodoro Santalucia<\/span><br \/><span><span style=%22text-decoration: underline;%22>Administrative Manager<\/span>: Anna Morsello<\/span><\/p>\n<p><span><span style=%22text-decoration: underline;%22>Chief Financial Officer<\/span>: Dr. Giuseppe Ficarra<\/span><br \/><span><span style=%22text-decoration: underline;%22>Resin Manager:<\/span> Stefano Crimi <\/span><br \/><span><span style=%22text-decoration: underline;%22>Style Center Eng. Head<\/span>: Arch. Eugenio Coppo<\/span><br \/><span><span style=%22text-decoration: underline;%22>Style Center Int. Head<\/span>: Arch. Alessandro Licciardello<\/span><br \/><span><span style=%22text-decoration: underline;%22>Sales &#038; Marketing Manager<\/span>: Marialaura Bitto<\/span><br \/><span><span style=%22text-decoration: underline;%22>Press Manager<\/span>: Benedetto Orti Tullo<\/span><\/p>\n<p>&#8221; content_phone=&#8221;<\/p>\n<h6><strong><span style=%22text-decoration: underline;%22>Organization chart<\/span>: <\/strong><\/h6>\n<p><span><span style=%22text-decoration: underline;%22>President<\/span>: Marc-Udo Broich<\/span><br \/><span><span style=%22text-decoration: underline;%22>Production Manager<\/span>: Teodoro Santalucia<\/span><br \/><span><span style=%22text-decoration: underline;%22>Administrative Manager<\/span>: Anna Morsello<\/span><\/p>\n<p><span><span style=%22text-decoration: underline;%22>Chief Financial Officer<\/span>: Dr. Giuseppe Ficarra<\/span><br \/><span><span style=%22text-decoration: underline;%22>Resin Manager:<\/span> Stefano Crimi <\/span><br \/><span><span style=%22text-decoration: underline;%22>Style Center Eng. Head<\/span>: Arch. Eugenio Coppo<\/span><br \/><span><span style=%22text-decoration: underline;%22>Style Center Int. Head<\/span>: Arch. Alessandro Licciardello<\/span><br \/><span><span style=%22text-decoration: underline;%22>Sales &#038; Marketing Manager<\/span>: Marialaura Bitto<\/span><br \/><span><span style=%22text-decoration: underline;%22>Press Manager<\/span>: Benedetto Orti Tullo<\/span><\/p>\n<p>&#8221; content_last_edited=&#8221;on|phone&#8221; _builder_version=&#8221;4.24.0&#8243; _module_preset=&#8221;default&#8221; link_text_color=&#8221;#000000&#8243; header_6_font_size=&#8221;13px&#8221; global_colors_info=&#8221;{}&#8221; theme_builder_area=&#8221;post_content&#8221;]<\/p>\n<h6><strong><span style=\"text-decoration: underline;\">Organization chart<\/span>:\u00a0<\/strong><\/h6>\n<p><span><span style=\"text-decoration: underline;\">President<\/span>: Marc-Udo Broich<\/span><br \/><span><span style=\"text-decoration: underline;\">Production Manager<\/span>: Teodoro Santalucia<\/span><br \/><span><span style=\"text-decoration: underline;\">Administrative Manager<\/span>: Anna Morsello<\/span><\/p>\n<p><span><span style=\"text-decoration: underline;\">Chief Financial Officer<\/span>: Dr. Giuseppe Ficarra<\/span><br \/><span><span style=\"text-decoration: underline;\">Resin Manager:<\/span> Stefano Crimi\u00a0<\/span><br \/><span><span style=\"text-decoration: underline;\">Style Center Eng. Head<\/span>: Arch. Eugenio Coppo<\/span><br \/><span><span style=\"text-decoration: underline;\">Style Center Int. Head<\/span>: Arch. Alessandro Licciardello<\/span><br \/><span><span style=\"text-decoration: underline;\">Sales &amp; Marketing Manager<\/span>: Marialaura Bitto<\/span><br \/><span><span style=\"text-decoration: underline;\">Press Manager<\/span>: Benedetto Orti Tullo<\/span><\/p>\n<p>[\/et_pb_text][\/et_pb_column][et_pb_column type=&#8221;1_2&#8243; _builder_version=&#8221;4.24.0&#8243; _module_preset=&#8221;default&#8221; custom_css_main_element=&#8221;margin: auto;&#8221; global_colors_info=&#8221;{}&#8221; theme_builder_area=&#8221;post_content&#8221;][et_pb_image src=&#8221;https:\/\/aiconyachts.com\/wp-content\/uploads\/2022\/10\/Aicon-3.webp&#8221; title_text=&#8221;Aicon-3&#8243; align=&#8221;center&#8221; _builder_version=&#8221;4.24.0&#8243; _module_preset=&#8221;default&#8221; custom_margin_tablet=&#8221;40px||||false|false&#8221; custom_margin_phone=&#8221;40px||||false|false&#8221; custom_margin_last_edited=&#8221;on|tablet&#8221; box_shadow_style=&#8221;preset1&#8243; global_colors_info=&#8221;{}&#8221; theme_builder_area=&#8221;post_content&#8221;][\/et_pb_image][\/et_pb_column][\/et_pb_row][et_pb_row _builder_version=&#8221;4.18.0&#8243; _module_preset=&#8221;default&#8221; global_colors_info=&#8221;{}&#8221; theme_builder_area=&#8221;post_content&#8221;][et_pb_column type=&#8221;4_4&#8243; _builder_version=&#8221;4.18.0&#8243; _module_preset=&#8221;default&#8221; global_colors_info=&#8221;{}&#8221; theme_builder_area=&#8221;post_content&#8221;][et_pb_button button_url=&#8221;https:\/\/www.tempostretto.it\/news\/aicon-yachts-ripercorre-il-suo-meraviglioso-2022.html&#8221; url_new_window=&#8221;on&#8221; button_text=&#8221;Link To Original Article&#8221; button_alignment=&#8221;center&#8221; button_text_tablet=&#8221;Link To Original Article&#8221; button_text_phone=&#8221;Original Article&#8221; button_text_last_edited=&#8221;on|desktop&#8221; module_class=&#8221;dl-lines-corners&#8221; _builder_version=&#8221;4.24.0&#8243; _module_preset=&#8221;default&#8221; custom_button=&#8221;on&#8221; button_text_size=&#8221;14px&#8221; button_text_color=&#8221;#191C36&#8243; button_bg_color=&#8221;RGBA(0,0,0,0)&#8221; button_border_width=&#8221;1px&#8221; button_border_color=&#8221;#191C36&#8243; button_border_radius=&#8221;2px&#8221; button_letter_spacing=&#8221;3px&#8221; button_font=&#8221;Copperplate Bold|||on|||||&#8221; button_icon_color=&#8221;#FFFFFF&#8221; button_on_hover=&#8221;off&#8221; custom_margin=&#8221;||||false|false&#8221; custom_padding=&#8221;12px|36px|12px|36px|true|true&#8221; global_colors_info=&#8221;{}&#8221; button_bg_color__hover_enabled=&#8221;on|desktop&#8221; button_bg_color__hover=&#8221;RGBA(255,255,255,0)&#8221; button_bg_enable_color__hover=&#8221;on&#8221; button_border_radius__hover=&#8221;2px&#8221; button_border_radius__hover_enabled=&#8221;on|hover&#8221; button_text_color__hover_enabled=&#8221;on|hover&#8221; button_text_color__hover=&#8221;#7BC5B3&#8243; button_border_color__hover_enabled=&#8221;on|hover&#8221; button_border_color__hover=&#8221;#7BC5B3&#8243; theme_builder_area=&#8221;post_content&#8221;][\/et_pb_button][\/et_pb_column][\/et_pb_row][\/et_pb_section]<\/p>\n","protected":false},"excerpt":{"rendered":"<p>Aicon Yachts vuelve sobre sus maravillosos \u00e9xitos de 2022 junto con proveedores, prensa, entusiastas de la navegaci\u00f3n y amigos.<\/p>","protected":false},"author":4,"featured_media":226428,"comment_status":"open","ping_status":"open","sticky":false,"template":"","format":"standard","meta":{"_et_pb_use_builder":"on","_et_pb_old_content":"","_et_gb_content_width":"2880","_monsterinsights_skip_tracking":false,"_monsterinsights_sitenote_active":false,"_monsterinsights_sitenote_note":"","_monsterinsights_sitenote_category":0,"_jetpack_memberships_contains_paid_content":false,"footnotes":""},"categories":[11],"tags":[],"class_list":["post-226424","post","type-post","status-publish","format-standard","has-post-thumbnail","hentry","category-message-from-the-helm"],"yoast_head":"<!-- This site is optimized with the Yoast SEO plugin v27.5 - https:\/\/yoast.com\/product\/yoast-seo-wordpress\/ -->\n<title>Aicon Yachts Retraces Its Wonderful 2022 - Aicon Yachts<\/title>\n<meta name=\"description\" content=\"Aicon Yachts Retraces Its Wonderful 2022 Successes Together With Suppliers, Press, Boating Enthusiasts &amp; Friends.\" \/>\n<meta name=\"robots\" content=\"index, follow, max-snippet:-1, max-image-preview:large, max-video-preview:-1\" \/>\n<link rel=\"canonical\" href=\"https:\/\/aiconyachts.com\/es\/aicon-yachts-retraces-its-wonderful-2022\/\" \/>\n<meta property=\"og:locale\" content=\"es_ES\" \/>\n<meta property=\"og:type\" content=\"article\" \/>\n<meta property=\"og:title\" content=\"Aicon Yachts Retraces Its Wonderful 2022 - Aicon Yachts\" \/>\n<meta property=\"og:description\" content=\"Aicon Yachts Retraces Its Wonderful 2022 Successes Together With Suppliers, Press, Boating Enthusiasts &amp; Friends.\" \/>\n<meta property=\"og:url\" content=\"https:\/\/aiconyachts.com\/es\/aicon-yachts-retraces-its-wonderful-2022\/\" \/>\n<meta property=\"og:site_name\" content=\"Aicon Yachts\" \/>\n<meta property=\"article:publisher\" content=\"https:\/\/www.facebook.com\/aiconyachts\" \/>\n<meta property=\"article:published_time\" content=\"2022-10-27T16:51:33+00:00\" \/>\n<meta property=\"article:modified_time\" content=\"2025-02-06T20:59:26+00:00\" \/>\n<meta property=\"og:image\" content=\"https:\/\/aiconyachts.com\/wp-content\/uploads\/2021\/08\/Aicon-Yachts-FT.jpg\" \/>\n\t<meta property=\"og:image:width\" content=\"1200\" \/>\n\t<meta property=\"og:image:height\" content=\"628\" \/>\n\t<meta property=\"og:image:type\" content=\"image\/jpeg\" \/>\n<meta name=\"author\" content=\"Media Team\" \/>\n<meta name=\"twitter:card\" content=\"summary_large_image\" \/>\n<meta name=\"twitter:title\" content=\"Aicon Yachts Retraces Its Wonderful 2022 - Aicon Yachts\" \/>\n<meta name=\"twitter:description\" content=\"Aicon Yachts Retraces Its Wonderful 2022 Successes Together With Suppliers, Press, Boating Enthusiasts &amp; Friends.\" \/>\n<meta name=\"twitter:image\" content=\"https:\/\/i0.wp.com\/aiconyachts.com\/wp-content\/uploads\/2021\/08\/AY-Twitter.jpg?fit=1024%2C512&ssl=1\" \/>\n<meta name=\"twitter:label1\" content=\"Escrito por\" \/>\n\t<meta name=\"twitter:data1\" content=\"Media Team\" \/>\n\t<meta name=\"twitter:label2\" content=\"Tiempo de lectura\" \/>\n\t<meta name=\"twitter:data2\" content=\"6 minutos\" \/>\n<script type=\"application\/ld+json\" class=\"yoast-schema-graph\">{\"@context\":\"https:\\\/\\\/schema.org\",\"@graph\":[{\"@type\":\"Article\",\"@id\":\"https:\\\/\\\/aiconyachts.com\\\/aicon-yachts-retraces-its-wonderful-2022\\\/#article\",\"isPartOf\":{\"@id\":\"https:\\\/\\\/aiconyachts.com\\\/aicon-yachts-retraces-its-wonderful-2022\\\/\"},\"author\":{\"name\":\"Media Team\",\"@id\":\"https:\\\/\\\/aiconyachts.com\\\/#\\\/schema\\\/person\\\/6c6443701451e5453ad91cae4b2b420c\"},\"headline\":\"Aicon Yachts Retraces Its Wonderful 2022\",\"datePublished\":\"2022-10-27T16:51:33+00:00\",\"dateModified\":\"2025-02-06T20:59:26+00:00\",\"mainEntityOfPage\":{\"@id\":\"https:\\\/\\\/aiconyachts.com\\\/aicon-yachts-retraces-its-wonderful-2022\\\/\"},\"wordCount\":1604,\"commentCount\":0,\"publisher\":{\"@id\":\"https:\\\/\\\/aiconyachts.com\\\/#organization\"},\"image\":{\"@id\":\"https:\\\/\\\/aiconyachts.com\\\/aicon-yachts-retraces-its-wonderful-2022\\\/#primaryimage\"},\"thumbnailUrl\":\"https:\\\/\\\/i0.wp.com\\\/aiconyachts.com\\\/wp-content\\\/uploads\\\/2022\\\/10\\\/Aicon-2.webp?fit=640%2C480&ssl=1\",\"articleSection\":[\"Message From The Helm\"],\"inLanguage\":\"es\",\"potentialAction\":[{\"@type\":\"CommentAction\",\"name\":\"Comment\",\"target\":[\"https:\\\/\\\/aiconyachts.com\\\/aicon-yachts-retraces-its-wonderful-2022\\\/#respond\"]}]},{\"@type\":\"WebPage\",\"@id\":\"https:\\\/\\\/aiconyachts.com\\\/aicon-yachts-retraces-its-wonderful-2022\\\/\",\"url\":\"https:\\\/\\\/aiconyachts.com\\\/aicon-yachts-retraces-its-wonderful-2022\\\/\",\"name\":\"Aicon Yachts Retraces Its Wonderful 2022 - Aicon Yachts\",\"isPartOf\":{\"@id\":\"https:\\\/\\\/aiconyachts.com\\\/#website\"},\"primaryImageOfPage\":{\"@id\":\"https:\\\/\\\/aiconyachts.com\\\/aicon-yachts-retraces-its-wonderful-2022\\\/#primaryimage\"},\"image\":{\"@id\":\"https:\\\/\\\/aiconyachts.com\\\/aicon-yachts-retraces-its-wonderful-2022\\\/#primaryimage\"},\"thumbnailUrl\":\"https:\\\/\\\/i0.wp.com\\\/aiconyachts.com\\\/wp-content\\\/uploads\\\/2022\\\/10\\\/Aicon-2.webp?fit=640%2C480&ssl=1\",\"datePublished\":\"2022-10-27T16:51:33+00:00\",\"dateModified\":\"2025-02-06T20:59:26+00:00\",\"description\":\"Aicon Yachts Retraces Its Wonderful 2022 Successes Together With Suppliers, Press, Boating Enthusiasts & Friends.\",\"breadcrumb\":{\"@id\":\"https:\\\/\\\/aiconyachts.com\\\/aicon-yachts-retraces-its-wonderful-2022\\\/#breadcrumb\"},\"inLanguage\":\"es\",\"potentialAction\":[{\"@type\":\"ReadAction\",\"target\":[\"https:\\\/\\\/aiconyachts.com\\\/aicon-yachts-retraces-its-wonderful-2022\\\/\"]}]},{\"@type\":\"ImageObject\",\"inLanguage\":\"es\",\"@id\":\"https:\\\/\\\/aiconyachts.com\\\/aicon-yachts-retraces-its-wonderful-2022\\\/#primaryimage\",\"url\":\"https:\\\/\\\/i0.wp.com\\\/aiconyachts.com\\\/wp-content\\\/uploads\\\/2022\\\/10\\\/Aicon-2.webp?fit=640%2C480&ssl=1\",\"contentUrl\":\"https:\\\/\\\/i0.wp.com\\\/aiconyachts.com\\\/wp-content\\\/uploads\\\/2022\\\/10\\\/Aicon-2.webp?fit=640%2C480&ssl=1\",\"width\":\"640\",\"height\":\"480\"},{\"@type\":\"BreadcrumbList\",\"@id\":\"https:\\\/\\\/aiconyachts.com\\\/aicon-yachts-retraces-its-wonderful-2022\\\/#breadcrumb\",\"itemListElement\":[{\"@type\":\"ListItem\",\"position\":1,\"name\":\"Home\",\"item\":\"https:\\\/\\\/aiconyachts.com\\\/\"},{\"@type\":\"ListItem\",\"position\":2,\"name\":\"Aicon Yachts Retraces Its Wonderful 2022\"}]},{\"@type\":\"WebSite\",\"@id\":\"https:\\\/\\\/aiconyachts.com\\\/#website\",\"url\":\"https:\\\/\\\/aiconyachts.com\\\/\",\"name\":\"Aicon Yachts\",\"description\":\"Customize Your Dream\",\"publisher\":{\"@id\":\"https:\\\/\\\/aiconyachts.com\\\/#organization\"},\"potentialAction\":[{\"@type\":\"SearchAction\",\"target\":{\"@type\":\"EntryPoint\",\"urlTemplate\":\"https:\\\/\\\/aiconyachts.com\\\/?s={search_term_string}\"},\"query-input\":{\"@type\":\"PropertyValueSpecification\",\"valueRequired\":true,\"valueName\":\"search_term_string\"}}],\"inLanguage\":\"es\"},{\"@type\":\"Organization\",\"@id\":\"https:\\\/\\\/aiconyachts.com\\\/#organization\",\"name\":\"AICON Yachts\",\"url\":\"https:\\\/\\\/aiconyachts.com\\\/\",\"logo\":{\"@type\":\"ImageObject\",\"inLanguage\":\"es\",\"@id\":\"https:\\\/\\\/aiconyachts.com\\\/#\\\/schema\\\/logo\\\/image\\\/\",\"url\":\"https:\\\/\\\/i2.wp.com\\\/aiconyachts.com\\\/wp-content\\\/uploads\\\/2021\\\/04\\\/Aicon-Yachts-Logo.png?fit=1231%2C498&ssl=1\",\"contentUrl\":\"https:\\\/\\\/i2.wp.com\\\/aiconyachts.com\\\/wp-content\\\/uploads\\\/2021\\\/04\\\/Aicon-Yachts-Logo.png?fit=1231%2C498&ssl=1\",\"width\":1231,\"height\":498,\"caption\":\"AICON Yachts\"},\"image\":{\"@id\":\"https:\\\/\\\/aiconyachts.com\\\/#\\\/schema\\\/logo\\\/image\\\/\"},\"sameAs\":[\"https:\\\/\\\/www.facebook.com\\\/aiconyachts\",\"https:\\\/\\\/www.instagram.com\\\/aiconyachts\\\/\"]},{\"@type\":\"Person\",\"@id\":\"https:\\\/\\\/aiconyachts.com\\\/#\\\/schema\\\/person\\\/6c6443701451e5453ad91cae4b2b420c\",\"name\":\"Media Team\",\"image\":{\"@type\":\"ImageObject\",\"inLanguage\":\"es\",\"@id\":\"https:\\\/\\\/i0.wp.com\\\/aiconyachts.com\\\/wp-content\\\/uploads\\\/2021\\\/10\\\/Media-Personell.jpg?fit=96%2C96&ssl=1\",\"url\":\"https:\\\/\\\/i0.wp.com\\\/aiconyachts.com\\\/wp-content\\\/uploads\\\/2021\\\/10\\\/Media-Personell.jpg?fit=96%2C96&ssl=1\",\"contentUrl\":\"https:\\\/\\\/i0.wp.com\\\/aiconyachts.com\\\/wp-content\\\/uploads\\\/2021\\\/10\\\/Media-Personell.jpg?fit=96%2C96&ssl=1\",\"caption\":\"Media Team\"},\"description\":\"This post was written from outside media personnel from a press release across the web. The link to the original article will be placed at the bottom of this post. Enjoy!\",\"url\":\"https:\\\/\\\/aiconyachts.com\\\/es\\\/author\\\/media\\\/\"}]}<\/script>\n<!-- \/ Yoast SEO plugin. -->","yoast_head_json":{"title":"Aicon Yachts Retraces Its Wonderful 2022 - Aicon Yachts","description":"Aicon Yachts Retraces Its Wonderful 2022 Successes Together With Suppliers, Press, Boating Enthusiasts & Friends.","robots":{"index":"index","follow":"follow","max-snippet":"max-snippet:-1","max-image-preview":"max-image-preview:large","max-video-preview":"max-video-preview:-1"},"canonical":"https:\/\/aiconyachts.com\/es\/aicon-yachts-retraces-its-wonderful-2022\/","og_locale":"es_ES","og_type":"article","og_title":"Aicon Yachts Retraces Its Wonderful 2022 - Aicon Yachts","og_description":"Aicon Yachts Retraces Its Wonderful 2022 Successes Together With Suppliers, Press, Boating Enthusiasts & Friends.","og_url":"https:\/\/aiconyachts.com\/es\/aicon-yachts-retraces-its-wonderful-2022\/","og_site_name":"Aicon Yachts","article_publisher":"https:\/\/www.facebook.com\/aiconyachts","article_published_time":"2022-10-27T16:51:33+00:00","article_modified_time":"2025-02-06T20:59:26+00:00","og_image":[{"width":1200,"height":628,"url":"https:\/\/aiconyachts.com\/wp-content\/uploads\/2021\/08\/Aicon-Yachts-FT.jpg","type":"image\/jpeg"}],"author":"Media Team","twitter_card":"summary_large_image","twitter_title":"Aicon Yachts Retraces Its Wonderful 2022 - Aicon Yachts","twitter_description":"Aicon Yachts Retraces Its Wonderful 2022 Successes Together With Suppliers, Press, Boating Enthusiasts & Friends.","twitter_image":"https:\/\/i0.wp.com\/aiconyachts.com\/wp-content\/uploads\/2021\/08\/AY-Twitter.jpg?fit=1024%2C512&ssl=1","twitter_misc":{"Escrito por":"Media Team","Tiempo de lectura":"6 minutos"},"schema":{"@context":"https:\/\/schema.org","@graph":[{"@type":"Article","@id":"https:\/\/aiconyachts.com\/aicon-yachts-retraces-its-wonderful-2022\/#article","isPartOf":{"@id":"https:\/\/aiconyachts.com\/aicon-yachts-retraces-its-wonderful-2022\/"},"author":{"name":"Media Team","@id":"https:\/\/aiconyachts.com\/#\/schema\/person\/6c6443701451e5453ad91cae4b2b420c"},"headline":"Aicon Yachts Retraces Its Wonderful 2022","datePublished":"2022-10-27T16:51:33+00:00","dateModified":"2025-02-06T20:59:26+00:00","mainEntityOfPage":{"@id":"https:\/\/aiconyachts.com\/aicon-yachts-retraces-its-wonderful-2022\/"},"wordCount":1604,"commentCount":0,"publisher":{"@id":"https:\/\/aiconyachts.com\/#organization"},"image":{"@id":"https:\/\/aiconyachts.com\/aicon-yachts-retraces-its-wonderful-2022\/#primaryimage"},"thumbnailUrl":"https:\/\/i0.wp.com\/aiconyachts.com\/wp-content\/uploads\/2022\/10\/Aicon-2.webp?fit=640%2C480&ssl=1","articleSection":["Message From The Helm"],"inLanguage":"es","potentialAction":[{"@type":"CommentAction","name":"Comment","target":["https:\/\/aiconyachts.com\/aicon-yachts-retraces-its-wonderful-2022\/#respond"]}]},{"@type":"WebPage","@id":"https:\/\/aiconyachts.com\/aicon-yachts-retraces-its-wonderful-2022\/","url":"https:\/\/aiconyachts.com\/aicon-yachts-retraces-its-wonderful-2022\/","name":"Aicon Yachts Retraces Its Wonderful 2022 - Aicon Yachts","isPartOf":{"@id":"https:\/\/aiconyachts.com\/#website"},"primaryImageOfPage":{"@id":"https:\/\/aiconyachts.com\/aicon-yachts-retraces-its-wonderful-2022\/#primaryimage"},"image":{"@id":"https:\/\/aiconyachts.com\/aicon-yachts-retraces-its-wonderful-2022\/#primaryimage"},"thumbnailUrl":"https:\/\/i0.wp.com\/aiconyachts.com\/wp-content\/uploads\/2022\/10\/Aicon-2.webp?fit=640%2C480&ssl=1","datePublished":"2022-10-27T16:51:33+00:00","dateModified":"2025-02-06T20:59:26+00:00","description":"Aicon Yachts Retraces Its Wonderful 2022 Successes Together With Suppliers, Press, Boating Enthusiasts & Friends.","breadcrumb":{"@id":"https:\/\/aiconyachts.com\/aicon-yachts-retraces-its-wonderful-2022\/#breadcrumb"},"inLanguage":"es","potentialAction":[{"@type":"ReadAction","target":["https:\/\/aiconyachts.com\/aicon-yachts-retraces-its-wonderful-2022\/"]}]},{"@type":"ImageObject","inLanguage":"es","@id":"https:\/\/aiconyachts.com\/aicon-yachts-retraces-its-wonderful-2022\/#primaryimage","url":"https:\/\/i0.wp.com\/aiconyachts.com\/wp-content\/uploads\/2022\/10\/Aicon-2.webp?fit=640%2C480&ssl=1","contentUrl":"https:\/\/i0.wp.com\/aiconyachts.com\/wp-content\/uploads\/2022\/10\/Aicon-2.webp?fit=640%2C480&ssl=1","width":"640","height":"480"},{"@type":"BreadcrumbList","@id":"https:\/\/aiconyachts.com\/aicon-yachts-retraces-its-wonderful-2022\/#breadcrumb","itemListElement":[{"@type":"ListItem","position":1,"name":"Home","item":"https:\/\/aiconyachts.com\/"},{"@type":"ListItem","position":2,"name":"Aicon Yachts Retraces Its Wonderful 2022"}]},{"@type":"WebSite","@id":"https:\/\/aiconyachts.com\/#website","url":"https:\/\/aiconyachts.com\/","name":"Aicon Yachts","description":"Customize Your Dream","publisher":{"@id":"https:\/\/aiconyachts.com\/#organization"},"potentialAction":[{"@type":"SearchAction","target":{"@type":"EntryPoint","urlTemplate":"https:\/\/aiconyachts.com\/?s={search_term_string}"},"query-input":{"@type":"PropertyValueSpecification","valueRequired":true,"valueName":"search_term_string"}}],"inLanguage":"es"},{"@type":"Organization","@id":"https:\/\/aiconyachts.com\/#organization","name":"AICON Yachts","url":"https:\/\/aiconyachts.com\/","logo":{"@type":"ImageObject","inLanguage":"es","@id":"https:\/\/aiconyachts.com\/#\/schema\/logo\/image\/","url":"https:\/\/i2.wp.com\/aiconyachts.com\/wp-content\/uploads\/2021\/04\/Aicon-Yachts-Logo.png?fit=1231%2C498&ssl=1","contentUrl":"https:\/\/i2.wp.com\/aiconyachts.com\/wp-content\/uploads\/2021\/04\/Aicon-Yachts-Logo.png?fit=1231%2C498&ssl=1","width":1231,"height":498,"caption":"AICON Yachts"},"image":{"@id":"https:\/\/aiconyachts.com\/#\/schema\/logo\/image\/"},"sameAs":["https:\/\/www.facebook.com\/aiconyachts","https:\/\/www.instagram.com\/aiconyachts\/"]},{"@type":"Person","@id":"https:\/\/aiconyachts.com\/#\/schema\/person\/6c6443701451e5453ad91cae4b2b420c","name":"Media Team","image":{"@type":"ImageObject","inLanguage":"es","@id":"https:\/\/i0.wp.com\/aiconyachts.com\/wp-content\/uploads\/2021\/10\/Media-Personell.jpg?fit=96%2C96&ssl=1","url":"https:\/\/i0.wp.com\/aiconyachts.com\/wp-content\/uploads\/2021\/10\/Media-Personell.jpg?fit=96%2C96&ssl=1","contentUrl":"https:\/\/i0.wp.com\/aiconyachts.com\/wp-content\/uploads\/2021\/10\/Media-Personell.jpg?fit=96%2C96&ssl=1","caption":"Media Team"},"description":"Esta publicaci\u00f3n fue escrita por personal de medios externos a partir de un comunicado de prensa en toda la web. El enlace al art\u00edculo original se colocar\u00e1 en la parte inferior de esta publicaci\u00f3n. \u00a1Disfruta!","url":"https:\/\/aiconyachts.com\/es\/author\/media\/"}]}},"jetpack_featured_media_url":"https:\/\/i0.wp.com\/aiconyachts.com\/wp-content\/uploads\/2022\/10\/Aicon-2.webp?fit=640%2C480&ssl=1","jetpack_sharing_enabled":true,"_links":{"self":[{"href":"https:\/\/aiconyachts.com\/es\/wp-json\/wp\/v2\/posts\/226424","targetHints":{"allow":["GET"]}}],"collection":[{"href":"https:\/\/aiconyachts.com\/es\/wp-json\/wp\/v2\/posts"}],"about":[{"href":"https:\/\/aiconyachts.com\/es\/wp-json\/wp\/v2\/types\/post"}],"author":[{"embeddable":true,"href":"https:\/\/aiconyachts.com\/es\/wp-json\/wp\/v2\/users\/4"}],"replies":[{"embeddable":true,"href":"https:\/\/aiconyachts.com\/es\/wp-json\/wp\/v2\/comments?post=226424"}],"version-history":[{"count":5,"href":"https:\/\/aiconyachts.com\/es\/wp-json\/wp\/v2\/posts\/226424\/revisions"}],"predecessor-version":[{"id":377804,"href":"https:\/\/aiconyachts.com\/es\/wp-json\/wp\/v2\/posts\/226424\/revisions\/377804"}],"wp:featuredmedia":[{"embeddable":true,"href":"https:\/\/aiconyachts.com\/es\/wp-json\/wp\/v2\/media\/226428"}],"wp:attachment":[{"href":"https:\/\/aiconyachts.com\/es\/wp-json\/wp\/v2\/media?parent=226424"}],"wp:term":[{"taxonomy":"category","embeddable":true,"href":"https:\/\/aiconyachts.com\/es\/wp-json\/wp\/v2\/categories?post=226424"},{"taxonomy":"post_tag","embeddable":true,"href":"https:\/\/aiconyachts.com\/es\/wp-json\/wp\/v2\/tags?post=226424"}],"curies":[{"name":"wp","href":"https:\/\/api.w.org\/{rel}","templated":true}]}}